{"id":2712,"date":"2024-11-30T18:54:31","date_gmt":"2024-11-30T16:54:31","guid":{"rendered":"https:\/\/www.mgv-loeningen.de\/wp\/?p=2712"},"modified":"2026-01-08T20:22:18","modified_gmt":"2026-01-08T18:22:18","slug":"segelreise-vom-mgv-eintracht-2025","status":"publish","type":"post","link":"https:\/\/www.mgv-loeningen.de\/wp\/archive\/2712","title":{"rendered":"Segelreise vom MGV Eintracht 2025"},"content":{"rendered":"\n<p>Mit unserer Segelreise 2023 haben wir eine gewagte Idee umgesetzt, Nichtmitglieder einzuladen, uns auf dieser Reise kennenzulernen. Es war ein voller Erfolg. Wir haben neue  Freundschaften gekn\u00fcpft und haben einige neue Sangesbr\u00fcder gewonnen. <\/p>\n\n\n\n<p>Jetzt hei\u00dft es wieder \u201eLeinen los\u2026.. die Reise geht weiter!<br>Sei dabei, sing mit uns, Segel mit und hab Spa\u00df. Trau DICH<\/p>\n\n\n\n<div data-client-id=\"\" id=\"pdf-1\" class=\"wp-block-tropicalista-pdfembed\" style=\"height:500px\" data-api-key=\"\" data-file-name=\"Flyer Segelt\u00f6rn 2025_m\" data-media-url=\"https:\/\/www.mgv-loeningen.de\/wp\/wp-content\/uploads\/2024\/11\/Flyer-Segeltoern-2025_m.pdf\" data-embed-mode=\"SIZED_CONTAINER\" data-dock-page-controls=\"true\" data-show-download-pdf=\"true\" data-show-print-pdf=\"true\" data-show-page-controls=\"true\" data-show-thumbnails=\"true\" data-show-bookmarks=\"true\" data-show-zoom-control=\"true\" data-show-full-screen=\"true\" data-default-view-mode=\"FIT_PAGE\" data-show-annotation-tools=\"true\" data-enable-form-filling=\"true\" data-enable-text-selection=\"true\"><\/div>\n\n\n\n<p><br>Wir laden wieder Sing-Interessierte M\u00e4nner ein um mit uns vom <strong>29.08.2025 bis zum 01.09.2025<\/strong> auf eine musikalische und nautische Reise zu gehen.<\/p>\n\n\n\n<p>Wir starten unsere Reise in Enkhuizen am malerischen IJsselmeer an Bord der Radboud \u2013<br>einem beeindruckenden, 55 Meter langen Klipper mit stolzen 500 Quadratmetern  Segelfl\u00e4che. <br><br>Unser Ziel: die charmanten, historischen St\u00e4dte rund um das IJsselmeer und Markermeer zu entdecken. Freue Dich auf eine einzigartige Kombination aus Segelabenteuer, Kultur und Gesang, w\u00e4hrend wir die sch\u00f6nsten Ecken dieser wundersch\u00f6nen Region erkunden.<\/p>\n\n\n\n<p>Der MGV Eintracht L\u00f6ningen braucht DICH! Die \u00e4lteste Boygroup von L\u00f6ningen freut sich auf DICH <br><br>Die Pl\u00e4tze sind begrenzt. <strong>Melde Dich an!<\/strong><br><br>Olaf Seger<br>Mobil 0170\/7356169<br><br>Oder im Centralhof Breher \u201eDie beste Vereinskneipe\u201c<\/p>\n\n\n<style type=\"text\/css\">\n#foogallery-gallery-2731.fg-masonry { --fg-gutter: 10px; }<\/style>\n\t\t\t<div class=\"foogallery foogallery-container foogallery-masonry foogallery-lightbox-foobox fg-center fg-masonry fg-ready fg-dark fg-border-thin fg-shadow-small fg-loading-default fg-loaded-fade-in fg-captions-bottom fg-hover-fade fg-hover-plus fg-col3\" id=\"foogallery-gallery-2731\" data-foogallery=\"{&quot;item&quot;:{&quot;showCaptionTitle&quot;:true,&quot;showCaptionDescription&quot;:true},&quot;lazy&quot;:true}\" style=\"--fg-title-line-clamp: 0; --fg-description-line-clamp: 0;\" >\n\t\t<div class=\"fg-column-width\"><\/div>\n\t<div class=\"fg-gutter-width\"><\/div>\n\t\t<div class=\"fg-item fg-type-image fg-idle\"><figure class=\"fg-item-inner\"><a href=\"https:\/\/www.mgv-loeningen.de\/wp\/wp-content\/uploads\/2024\/11\/IMG_E8782.jpg\" data-caption-title=\"Unser Schiff von oben\" data-attachment-id=\"2730\" data-type=\"image\" class=\"fg-thumb\"><span class=\"fg-image-wrap\"><img fetchpriority=\"high\" decoding=\"async\" title=\"Screenshot\" width=\"250\" height=\"239\" class=\"skip-lazy fg-image\" data-src-fg=\"https:\/\/www.mgv-loeningen.de\/wp\/wp-content\/uploads\/cache\/2024\/11\/IMG_E8782\/4089854813.jpg\" src=\"data:image\/svg+xml,%3Csvg%20xmlns%3D%22http%3A%2F%2Fwww.w3.org%2F2000%2Fsvg%22%20width%3D%22250%22%20height%3D%22239%22%20viewBox%3D%220%200%20250%20239%22%3E%3C%2Fsvg%3E\" loading=\"eager\"><\/span><span class=\"fg-image-overlay\"><\/span><\/a><figcaption class=\"fg-caption\"><div class=\"fg-caption-inner\"><div class=\"fg-caption-title\">Unser Schiff von oben<\/div><\/div><\/figcaption><\/figure><div class=\"fg-loader\"><\/div><\/div><div class=\"fg-item fg-type-image fg-idle\"><figure class=\"fg-item-inner\"><a href=\"https:\/\/www.mgv-loeningen.de\/wp\/wp-content\/uploads\/2024\/11\/IMG_E87811.jpg\" data-caption-title=\"Das Segelschiff\" data-attachment-id=\"2729\" data-type=\"image\" class=\"fg-thumb\"><span class=\"fg-image-wrap\"><img decoding=\"async\" title=\"Das Segelschiff\" width=\"250\" height=\"209\" class=\"skip-lazy fg-image\" data-src-fg=\"https:\/\/www.mgv-loeningen.de\/wp\/wp-content\/uploads\/cache\/2024\/11\/IMG_E87811\/3714966687.jpg\" src=\"data:image\/svg+xml,%3Csvg%20xmlns%3D%22http%3A%2F%2Fwww.w3.org%2F2000%2Fsvg%22%20width%3D%22250%22%20height%3D%22209%22%20viewBox%3D%220%200%20250%20209%22%3E%3C%2Fsvg%3E\" loading=\"eager\"><\/span><span class=\"fg-image-overlay\"><\/span><\/a><figcaption class=\"fg-caption\"><div class=\"fg-caption-inner\"><div class=\"fg-caption-title\">Das Segelschiff<\/div><\/div><\/figcaption><\/figure><div class=\"fg-loader\"><\/div><\/div><div class=\"fg-item fg-type-image fg-idle\"><figure class=\"fg-item-inner\"><a href=\"https:\/\/www.mgv-loeningen.de\/wp\/wp-content\/uploads\/2024\/11\/IMG_E2981.jpg\" data-caption-title=\"Das Segelschiff\" data-attachment-id=\"2728\" data-type=\"image\" class=\"fg-thumb\"><span class=\"fg-image-wrap\"><img decoding=\"async\" title=\"Das Segelschiff\" width=\"250\" height=\"228\" class=\"skip-lazy fg-image\" data-src-fg=\"https:\/\/www.mgv-loeningen.de\/wp\/wp-content\/uploads\/cache\/2024\/11\/IMG_E2981\/1334745754.jpg\" src=\"data:image\/svg+xml,%3Csvg%20xmlns%3D%22http%3A%2F%2Fwww.w3.org%2F2000%2Fsvg%22%20width%3D%22250%22%20height%3D%22228%22%20viewBox%3D%220%200%20250%20228%22%3E%3C%2Fsvg%3E\" loading=\"eager\"><\/span><span class=\"fg-image-overlay\"><\/span><\/a><figcaption class=\"fg-caption\"><div class=\"fg-caption-inner\"><div class=\"fg-caption-title\">Das Segelschiff<\/div><\/div><\/figcaption><\/figure><div class=\"fg-loader\"><\/div><\/div><div class=\"fg-item fg-type-image fg-idle\"><figure class=\"fg-item-inner\"><a href=\"https:\/\/www.mgv-loeningen.de\/wp\/wp-content\/uploads\/2024\/11\/IMG_E2980.jpg\" data-caption-title=\"Das Au\u00dfendeck\" data-attachment-id=\"2727\" data-type=\"image\" class=\"fg-thumb\"><span class=\"fg-image-wrap\"><img decoding=\"async\" title=\"Das Au\u00dfendeck\" width=\"250\" height=\"147\" class=\"skip-lazy fg-image\" data-src-fg=\"https:\/\/www.mgv-loeningen.de\/wp\/wp-content\/uploads\/cache\/2024\/11\/IMG_E2980\/3275100522.jpg\" src=\"data:image\/svg+xml,%3Csvg%20xmlns%3D%22http%3A%2F%2Fwww.w3.org%2F2000%2Fsvg%22%20width%3D%22250%22%20height%3D%22147%22%20viewBox%3D%220%200%20250%20147%22%3E%3C%2Fsvg%3E\" loading=\"eager\"><\/span><span class=\"fg-image-overlay\"><\/span><\/a><figcaption class=\"fg-caption\"><div class=\"fg-caption-inner\"><div class=\"fg-caption-title\">Das Au\u00dfendeck<\/div><\/div><\/figcaption><\/figure><div class=\"fg-loader\"><\/div><\/div><div class=\"fg-item fg-type-image fg-idle\"><figure class=\"fg-item-inner\"><a href=\"https:\/\/www.mgv-loeningen.de\/wp\/wp-content\/uploads\/2024\/11\/IMG_E2967.jpg\" data-caption-title=\"Die Messe\" data-attachment-id=\"2715\" data-type=\"image\" class=\"fg-thumb\"><span class=\"fg-image-wrap\"><img decoding=\"async\" title=\"Die Messe\" width=\"250\" height=\"172\" class=\"skip-lazy fg-image\" data-src-fg=\"https:\/\/www.mgv-loeningen.de\/wp\/wp-content\/uploads\/cache\/2024\/11\/IMG_E2967\/3789106987.jpg\" src=\"data:image\/svg+xml,%3Csvg%20xmlns%3D%22http%3A%2F%2Fwww.w3.org%2F2000%2Fsvg%22%20width%3D%22250%22%20height%3D%22172%22%20viewBox%3D%220%200%20250%20172%22%3E%3C%2Fsvg%3E\" loading=\"eager\"><\/span><span class=\"fg-image-overlay\"><\/span><\/a><figcaption class=\"fg-caption\"><div class=\"fg-caption-inner\"><div class=\"fg-caption-title\">Die Messe<\/div><\/div><\/figcaption><\/figure><div class=\"fg-loader\"><\/div><\/div><div class=\"fg-item fg-type-image fg-idle\"><figure class=\"fg-item-inner\"><a href=\"https:\/\/www.mgv-loeningen.de\/wp\/wp-content\/uploads\/2024\/11\/IMG_E2969.jpg\" data-caption-title=\"Eine Kabine mit eigenem Bad\" data-attachment-id=\"2717\" data-type=\"image\" class=\"fg-thumb\"><span class=\"fg-image-wrap\"><img decoding=\"async\" title=\"Eine Kabine mit eigenem Bad\" width=\"250\" height=\"167\" class=\"skip-lazy fg-image\" data-src-fg=\"https:\/\/www.mgv-loeningen.de\/wp\/wp-content\/uploads\/cache\/2024\/11\/IMG_E2969\/2155637288.jpg\" src=\"data:image\/svg+xml,%3Csvg%20xmlns%3D%22http%3A%2F%2Fwww.w3.org%2F2000%2Fsvg%22%20width%3D%22250%22%20height%3D%22167%22%20viewBox%3D%220%200%20250%20167%22%3E%3C%2Fsvg%3E\" loading=\"eager\"><\/span><span class=\"fg-image-overlay\"><\/span><\/a><figcaption class=\"fg-caption\"><div class=\"fg-caption-inner\"><div class=\"fg-caption-title\">Eine Kabine mit eigenem Bad<\/div><\/div><\/figcaption><\/figure><div class=\"fg-loader\"><\/div><\/div><div class=\"fg-item fg-type-image fg-idle\"><figure class=\"fg-item-inner\"><a href=\"https:\/\/www.mgv-loeningen.de\/wp\/wp-content\/uploads\/2024\/11\/IMG_E2968.jpg\" data-caption-title=\"Die Komb\u00fcse\" data-attachment-id=\"2716\" data-type=\"image\" class=\"fg-thumb\"><span class=\"fg-image-wrap\"><img decoding=\"async\" title=\"Die Komb\u00fcse\" width=\"250\" height=\"166\" class=\"skip-lazy fg-image\" data-src-fg=\"https:\/\/www.mgv-loeningen.de\/wp\/wp-content\/uploads\/cache\/2024\/11\/IMG_E2968\/2608415246.jpg\" src=\"data:image\/svg+xml,%3Csvg%20xmlns%3D%22http%3A%2F%2Fwww.w3.org%2F2000%2Fsvg%22%20width%3D%22250%22%20height%3D%22166%22%20viewBox%3D%220%200%20250%20166%22%3E%3C%2Fsvg%3E\" loading=\"eager\"><\/span><span class=\"fg-image-overlay\"><\/span><\/a><figcaption class=\"fg-caption\"><div class=\"fg-caption-inner\"><div class=\"fg-caption-title\">Die Komb\u00fcse<\/div><\/div><\/figcaption><\/figure><div class=\"fg-loader\"><\/div><\/div><div class=\"fg-item fg-type-image fg-idle\"><figure class=\"fg-item-inner\"><a href=\"https:\/\/www.mgv-loeningen.de\/wp\/wp-content\/uploads\/2024\/11\/IMG_E2975.jpg\" data-caption-title=\"Die Kabinen mit eigenem Bad\" data-attachment-id=\"2723\" data-type=\"image\" class=\"fg-thumb\"><span class=\"fg-image-wrap\"><img decoding=\"async\" title=\"Die Kabinen mit eigenem Bad\" width=\"250\" height=\"169\" class=\"skip-lazy fg-image\" data-src-fg=\"https:\/\/www.mgv-loeningen.de\/wp\/wp-content\/uploads\/cache\/2024\/11\/IMG_E2975\/3157360317.jpg\" src=\"data:image\/svg+xml,%3Csvg%20xmlns%3D%22http%3A%2F%2Fwww.w3.org%2F2000%2Fsvg%22%20width%3D%22250%22%20height%3D%22169%22%20viewBox%3D%220%200%20250%20169%22%3E%3C%2Fsvg%3E\" loading=\"eager\"><\/span><span class=\"fg-image-overlay\"><\/span><\/a><figcaption class=\"fg-caption\"><div class=\"fg-caption-inner\"><div class=\"fg-caption-title\">Die Kabinen mit eigenem Bad<\/div><\/div><\/figcaption><\/figure><div class=\"fg-loader\"><\/div><\/div><div class=\"fg-item fg-type-image fg-idle\"><figure class=\"fg-item-inner\"><a href=\"https:\/\/www.mgv-loeningen.de\/wp\/wp-content\/uploads\/2024\/11\/IMG_E2974.jpg\" data-caption-title=\"Die Messe\" data-attachment-id=\"2722\" data-type=\"image\" class=\"fg-thumb\"><span class=\"fg-image-wrap\"><img decoding=\"async\" title=\"Die MEsse\" width=\"250\" height=\"167\" class=\"skip-lazy fg-image\" data-src-fg=\"https:\/\/www.mgv-loeningen.de\/wp\/wp-content\/uploads\/cache\/2024\/11\/IMG_E2974\/2805225115.jpg\" src=\"data:image\/svg+xml,%3Csvg%20xmlns%3D%22http%3A%2F%2Fwww.w3.org%2F2000%2Fsvg%22%20width%3D%22250%22%20height%3D%22167%22%20viewBox%3D%220%200%20250%20167%22%3E%3C%2Fsvg%3E\" loading=\"eager\"><\/span><span class=\"fg-image-overlay\"><\/span><\/a><figcaption class=\"fg-caption\"><div class=\"fg-caption-inner\"><div class=\"fg-caption-title\">Die Messe<\/div><\/div><\/figcaption><\/figure><div class=\"fg-loader\"><\/div><\/div><div class=\"fg-item fg-type-image fg-idle\"><figure class=\"fg-item-inner\"><a href=\"https:\/\/www.mgv-loeningen.de\/wp\/wp-content\/uploads\/2024\/11\/IMG_E2973.jpg\" data-caption-title=\"Die Messe\" data-attachment-id=\"2721\" data-type=\"image\" class=\"fg-thumb\"><span class=\"fg-image-wrap\"><img decoding=\"async\" title=\"Die Messe\" width=\"250\" height=\"166\" class=\"skip-lazy fg-image\" data-src-fg=\"https:\/\/www.mgv-loeningen.de\/wp\/wp-content\/uploads\/cache\/2024\/11\/IMG_E2973\/242294795.jpg\" src=\"data:image\/svg+xml,%3Csvg%20xmlns%3D%22http%3A%2F%2Fwww.w3.org%2F2000%2Fsvg%22%20width%3D%22250%22%20height%3D%22166%22%20viewBox%3D%220%200%20250%20166%22%3E%3C%2Fsvg%3E\" loading=\"eager\"><\/span><span class=\"fg-image-overlay\"><\/span><\/a><figcaption class=\"fg-caption\"><div class=\"fg-caption-inner\"><div class=\"fg-caption-title\">Die Messe<\/div><\/div><\/figcaption><\/figure><div class=\"fg-loader\"><\/div><\/div><div class=\"fg-item fg-type-image fg-idle\"><figure class=\"fg-item-inner\"><a href=\"https:\/\/www.mgv-loeningen.de\/wp\/wp-content\/uploads\/2024\/11\/IMG_E2972.jpg\" data-caption-title=\"Die Messe\" data-attachment-id=\"2720\" data-type=\"image\" class=\"fg-thumb\"><span class=\"fg-image-wrap\"><img decoding=\"async\" title=\"Die Messe\" width=\"250\" height=\"167\" class=\"skip-lazy fg-image\" data-src-fg=\"https:\/\/www.mgv-loeningen.de\/wp\/wp-content\/uploads\/cache\/2024\/11\/IMG_E2972\/359925805.jpg\" src=\"data:image\/svg+xml,%3Csvg%20xmlns%3D%22http%3A%2F%2Fwww.w3.org%2F2000%2Fsvg%22%20width%3D%22250%22%20height%3D%22167%22%20viewBox%3D%220%200%20250%20167%22%3E%3C%2Fsvg%3E\" loading=\"eager\"><\/span><span class=\"fg-image-overlay\"><\/span><\/a><figcaption class=\"fg-caption\"><div class=\"fg-caption-inner\"><div class=\"fg-caption-title\">Die Messe<\/div><\/div><\/figcaption><\/figure><div class=\"fg-loader\"><\/div><\/div><div class=\"fg-item fg-type-image fg-idle\"><figure class=\"fg-item-inner\"><a href=\"https:\/\/www.mgv-loeningen.de\/wp\/wp-content\/uploads\/2024\/11\/IMG_E2971.jpg\" data-caption-title=\"Die Messe\" data-attachment-id=\"2719\" data-type=\"image\" class=\"fg-thumb\"><span class=\"fg-image-wrap\"><img decoding=\"async\" title=\"Die Messe\" width=\"250\" height=\"165\" class=\"skip-lazy fg-image\" data-src-fg=\"https:\/\/www.mgv-loeningen.de\/wp\/wp-content\/uploads\/cache\/2024\/11\/IMG_E2971\/3546269192.jpg\" src=\"data:image\/svg+xml,%3Csvg%20xmlns%3D%22http%3A%2F%2Fwww.w3.org%2F2000%2Fsvg%22%20width%3D%22250%22%20height%3D%22165%22%20viewBox%3D%220%200%20250%20165%22%3E%3C%2Fsvg%3E\" loading=\"eager\"><\/span><span class=\"fg-image-overlay\"><\/span><\/a><figcaption class=\"fg-caption\"><div class=\"fg-caption-inner\"><div class=\"fg-caption-title\">Die Messe<\/div><\/div><\/figcaption><\/figure><div class=\"fg-loader\"><\/div><\/div><div class=\"fg-item fg-type-image fg-idle\"><figure class=\"fg-item-inner\"><a href=\"https:\/\/www.mgv-loeningen.de\/wp\/wp-content\/uploads\/2024\/11\/IMG_E2970.jpg\" data-caption-title=\"Das Au\u00dfendeck\" data-attachment-id=\"2718\" data-type=\"image\" class=\"fg-thumb\"><span class=\"fg-image-wrap\"><img decoding=\"async\" title=\"Das Au\u00dfendeck\" width=\"250\" height=\"166\" class=\"skip-lazy fg-image\" data-src-fg=\"https:\/\/www.mgv-loeningen.de\/wp\/wp-content\/uploads\/cache\/2024\/11\/IMG_E2970\/3361402414.jpg\" src=\"data:image\/svg+xml,%3Csvg%20xmlns%3D%22http%3A%2F%2Fwww.w3.org%2F2000%2Fsvg%22%20width%3D%22250%22%20height%3D%22166%22%20viewBox%3D%220%200%20250%20166%22%3E%3C%2Fsvg%3E\" loading=\"eager\"><\/span><span class=\"fg-image-overlay\"><\/span><\/a><figcaption class=\"fg-caption\"><div class=\"fg-caption-inner\"><div class=\"fg-caption-title\">Das Au\u00dfendeck<\/div><\/div><\/figcaption><\/figure><div class=\"fg-loader\"><\/div><\/div><div class=\"fg-item fg-type-image fg-idle\"><figure class=\"fg-item-inner\"><a href=\"https:\/\/www.mgv-loeningen.de\/wp\/wp-content\/uploads\/2024\/11\/IMG_E2976.jpg\" data-caption-title=\"Die Kabinen mit eigenem Bad\" data-attachment-id=\"2724\" data-type=\"image\" class=\"fg-thumb\"><span class=\"fg-image-wrap\"><img decoding=\"async\" title=\"Die Kabinen mit eigenem Bad\" width=\"250\" height=\"165\" class=\"skip-lazy fg-image\" data-src-fg=\"https:\/\/www.mgv-loeningen.de\/wp\/wp-content\/uploads\/cache\/2024\/11\/IMG_E2976\/2036377781.jpg\" src=\"data:image\/svg+xml,%3Csvg%20xmlns%3D%22http%3A%2F%2Fwww.w3.org%2F2000%2Fsvg%22%20width%3D%22250%22%20height%3D%22165%22%20viewBox%3D%220%200%20250%20165%22%3E%3C%2Fsvg%3E\" loading=\"eager\"><\/span><span class=\"fg-image-overlay\"><\/span><\/a><figcaption class=\"fg-caption\"><div class=\"fg-caption-inner\"><div class=\"fg-caption-title\">Die Kabinen mit eigenem Bad<\/div><\/div><\/figcaption><\/figure><div class=\"fg-loader\"><\/div><\/div><div class=\"fg-item fg-type-image fg-idle\"><figure class=\"fg-item-inner\"><a href=\"https:\/\/www.mgv-loeningen.de\/wp\/wp-content\/uploads\/2024\/11\/IMG_E2977.jpg\" data-caption-title=\"Deckplan\" data-attachment-id=\"2725\" data-type=\"image\" class=\"fg-thumb\"><span class=\"fg-image-wrap\"><img decoding=\"async\" title=\"Deckplan\" width=\"250\" height=\"97\" class=\"skip-lazy fg-image\" data-src-fg=\"https:\/\/www.mgv-loeningen.de\/wp\/wp-content\/uploads\/cache\/2024\/11\/IMG_E2977\/1650819219.jpg\" src=\"data:image\/svg+xml,%3Csvg%20xmlns%3D%22http%3A%2F%2Fwww.w3.org%2F2000%2Fsvg%22%20width%3D%22250%22%20height%3D%2297%22%20viewBox%3D%220%200%20250%2097%22%3E%3C%2Fsvg%3E\" loading=\"eager\"><\/span><span class=\"fg-image-overlay\"><\/span><\/a><figcaption class=\"fg-caption\"><div class=\"fg-caption-inner\"><div class=\"fg-caption-title\">Deckplan<\/div><\/div><\/figcaption><\/figure><div class=\"fg-loader\"><\/div><\/div><div class=\"fg-item fg-type-image fg-idle\"><figure class=\"fg-item-inner\"><a href=\"https:\/\/www.mgv-loeningen.de\/wp\/wp-content\/uploads\/2024\/11\/IMG_E2979.jpg\" data-caption-title=\"Das Segelschiff von oben\" data-attachment-id=\"2726\" data-type=\"image\" class=\"fg-thumb\"><span class=\"fg-image-wrap\"><img decoding=\"async\" title=\"Das Segelschiff von oben\" width=\"250\" height=\"178\" class=\"skip-lazy fg-image\" data-src-fg=\"https:\/\/www.mgv-loeningen.de\/wp\/wp-content\/uploads\/cache\/2024\/11\/IMG_E2979\/3564105000.jpg\" src=\"data:image\/svg+xml,%3Csvg%20xmlns%3D%22http%3A%2F%2Fwww.w3.org%2F2000%2Fsvg%22%20width%3D%22250%22%20height%3D%22178%22%20viewBox%3D%220%200%20250%20178%22%3E%3C%2Fsvg%3E\" loading=\"eager\"><\/span><span class=\"fg-image-overlay\"><\/span><\/a><figcaption class=\"fg-caption\"><div class=\"fg-caption-inner\"><div class=\"fg-caption-title\">Das Segelschiff von oben<\/div><\/div><\/figcaption><\/figure><div class=\"fg-loader\"><\/div><\/div><\/div>","protected":false},"excerpt":{"rendered":"<p>Mit unserer Segelreise 2023 haben wir eine gewagte Idee umgesetzt, Nichtmitglieder einzuladen, uns auf dieser&#8230;<\/p>\n","protected":false},"author":3,"featured_media":2718,"comment_status":"closed","ping_status":"closed","sticky":false,"template":"","format":"standard","meta":{"_kad_post_transparent":"","_kad_post_title":"","_kad_post_layout":"","_kad_post_sidebar_id":"","_kad_post_content_style":"","_kad_post_vertical_padding":"","_kad_post_feature":"","_kad_post_feature_position":"","_kad_post_header":false,"_kad_post_footer":false,"_kad_post_classname":"","footnotes":""},"categories":[11],"tags":[],"class_list":["post-2712","post","type-post","status-publish","format-standard","has-post-thumbnail","hentry","category-events-2025"],"_links":{"self":[{"href":"https:\/\/www.mgv-loeningen.de\/wp\/wp-json\/wp\/v2\/posts\/2712","targetHints":{"allow":["GET"]}}],"collection":[{"href":"https:\/\/www.mgv-loeningen.de\/wp\/wp-json\/wp\/v2\/posts"}],"about":[{"href":"https:\/\/www.mgv-loeningen.de\/wp\/wp-json\/wp\/v2\/types\/post"}],"author":[{"embeddable":true,"href":"https:\/\/www.mgv-loeningen.de\/wp\/wp-json\/wp\/v2\/users\/3"}],"replies":[{"embeddable":true,"href":"https:\/\/www.mgv-loeningen.de\/wp\/wp-json\/wp\/v2\/comments?post=2712"}],"version-history":[{"count":11,"href":"https:\/\/www.mgv-loeningen.de\/wp\/wp-json\/wp\/v2\/posts\/2712\/revisions"}],"predecessor-version":[{"id":2829,"href":"https:\/\/www.mgv-loeningen.de\/wp\/wp-json\/wp\/v2\/posts\/2712\/revisions\/2829"}],"wp:featuredmedia":[{"embeddable":true,"href":"https:\/\/www.mgv-loeningen.de\/wp\/wp-json\/wp\/v2\/media\/2718"}],"wp:attachment":[{"href":"https:\/\/www.mgv-loeningen.de\/wp\/wp-json\/wp\/v2\/media?parent=2712"}],"wp:term":[{"taxonomy":"category","embeddable":true,"href":"https:\/\/www.mgv-loeningen.de\/wp\/wp-json\/wp\/v2\/categories?post=2712"},{"taxonomy":"post_tag","embeddable":true,"href":"https:\/\/www.mgv-loeningen.de\/wp\/wp-json\/wp\/v2\/tags?post=2712"}],"curies":[{"name":"wp","href":"https:\/\/api.w.org\/{rel}","templated":true}]}}