{"id":3388,"date":"2025-03-27T12:45:34","date_gmt":"2025-03-27T10:45:34","guid":{"rendered":"https:\/\/www.mgv-loeningen.de\/wp\/?p=3388"},"modified":"2026-01-08T20:21:59","modified_gmt":"2026-01-08T18:21:59","slug":"planetarium-20-mai-2025","status":"publish","type":"post","link":"https:\/\/www.mgv-loeningen.de\/wp\/archive\/3388","title":{"rendered":"Planetarium 20. Mai 2025"},"content":{"rendered":"\n<div class=\"wp-block-cover\" style=\"min-height:215px;aspect-ratio:unset;\"><span aria-hidden=\"true\" class=\"wp-block-cover__background has-background-dim\" style=\"background-color:#524e62\"><\/span><img loading=\"lazy\" decoding=\"async\" width=\"1600\" height=\"2000\" class=\"wp-block-cover__image-background wp-image-3391\" alt=\"\" src=\"https:\/\/www.mgv-loeningen.de\/wp\/wp-content\/uploads\/2025\/03\/vertical-shot-beautiful-starry-sky.jpg\" data-object-fit=\"cover\" srcset=\"https:\/\/www.mgv-loeningen.de\/wp\/wp-content\/uploads\/2025\/03\/vertical-shot-beautiful-starry-sky.jpg 1600w, https:\/\/www.mgv-loeningen.de\/wp\/wp-content\/uploads\/2025\/03\/vertical-shot-beautiful-starry-sky-240x300.jpg 240w, https:\/\/www.mgv-loeningen.de\/wp\/wp-content\/uploads\/2025\/03\/vertical-shot-beautiful-starry-sky-819x1024.jpg 819w, https:\/\/www.mgv-loeningen.de\/wp\/wp-content\/uploads\/2025\/03\/vertical-shot-beautiful-starry-sky-768x960.jpg 768w, https:\/\/www.mgv-loeningen.de\/wp\/wp-content\/uploads\/2025\/03\/vertical-shot-beautiful-starry-sky-1229x1536.jpg 1229w\" sizes=\"auto, (max-width: 1600px) 100vw, 1600px\" \/><div class=\"wp-block-cover__inner-container is-layout-flow wp-block-cover-is-layout-flow\">\n<p class=\"has-text-align-center has-large-font-size\">Abenteuerreise durch unser Sonnensystem<\/p>\n<\/div><\/div>\n\n\n\n<p><strong>Exklusive F\u00fchrung durch unseren Sangesbruder Albrecht D\u00fcntsch<\/strong>. <\/p>\n\n\n\n<p><strong>Beginn um 19.30 Uhr in Osnabr\u00fcck   &#8211;   5,-Euro Eintritt     &#8211;     Anreise privat<\/strong><\/p>\n\n\n\n<p>Museum am Sch\u00f6lerberg, Klaus-Strick-Weg 10, 49082 Osnabr\u00fcck <\/p>\n\n\n\n<p><strong>Hier k\u00f6nnen sich alle Interresierten anmelden.<\/strong> Zun\u00e4chst wollen wir uns am aktuellen Sternenhimmel orientieren. Wir machen eine Abenteuerreise durch das Sonnensystem. Dabei sollen Fragen gekl\u00e4rt werden wie z.B. Was h\u00e4lt die Planetenbahnen stabil? Wie ist die Erde mit ihrem vergleichsweise riesigen Mond entstanden? Gibt es nur auf der Erde Leben? Albrecht freut sich auf zahlreiche Fragen der Zuschauer.<\/p>\n\n\n\n<p><\/p>\n","protected":false},"excerpt":{"rendered":"<p>Exklusive F\u00fchrung durch unseren Sangesbruder Albrecht D\u00fcntsch. Beginn um 19.30 Uhr in Osnabr\u00fcck &#8211; 5,-Euro&#8230;<\/p>\n","protected":false},"author":3,"featured_media":3389,"comment_status":"closed","ping_status":"closed","sticky":false,"template":"","format":"standard","meta":{"_kad_post_transparent":"","_kad_post_title":"","_kad_post_layout":"","_kad_post_sidebar_id":"","_kad_post_content_style":"","_kad_post_vertical_padding":"","_kad_post_feature":"","_kad_post_feature_position":"","_kad_post_header":false,"_kad_post_footer":false,"_kad_post_classname":"","footnotes":""},"categories":[11],"tags":[],"class_list":["post-3388","post","type-post","status-publish","format-standard","has-post-thumbnail","hentry","category-events-2025"],"_links":{"self":[{"href":"https:\/\/www.mgv-loeningen.de\/wp\/wp-json\/wp\/v2\/posts\/3388","targetHints":{"allow":["GET"]}}],"collection":[{"href":"https:\/\/www.mgv-loeningen.de\/wp\/wp-json\/wp\/v2\/posts"}],"about":[{"href":"https:\/\/www.mgv-loeningen.de\/wp\/wp-json\/wp\/v2\/types\/post"}],"author":[{"embeddable":true,"href":"https:\/\/www.mgv-loeningen.de\/wp\/wp-json\/wp\/v2\/users\/3"}],"replies":[{"embeddable":true,"href":"https:\/\/www.mgv-loeningen.de\/wp\/wp-json\/wp\/v2\/comments?post=3388"}],"version-history":[{"count":5,"href":"https:\/\/www.mgv-loeningen.de\/wp\/wp-json\/wp\/v2\/posts\/3388\/revisions"}],"predecessor-version":[{"id":3396,"href":"https:\/\/www.mgv-loeningen.de\/wp\/wp-json\/wp\/v2\/posts\/3388\/revisions\/3396"}],"wp:featuredmedia":[{"embeddable":true,"href":"https:\/\/www.mgv-loeningen.de\/wp\/wp-json\/wp\/v2\/media\/3389"}],"wp:attachment":[{"href":"https:\/\/www.mgv-loeningen.de\/wp\/wp-json\/wp\/v2\/media?parent=3388"}],"wp:term":[{"taxonomy":"category","embeddable":true,"href":"https:\/\/www.mgv-loeningen.de\/wp\/wp-json\/wp\/v2\/categories?post=3388"},{"taxonomy":"post_tag","embeddable":true,"href":"https:\/\/www.mgv-loeningen.de\/wp\/wp-json\/wp\/v2\/tags?post=3388"}],"curies":[{"name":"wp","href":"https:\/\/api.w.org\/{rel}","templated":true}]}}